{"id":1126,"date":"2024-06-03T16:22:45","date_gmt":"2024-06-03T14:22:45","guid":{"rendered":"https:\/\/amicaletarbaiseescrime.fr\/?p=1126"},"modified":"2024-06-03T16:30:04","modified_gmt":"2024-06-03T14:30:04","slug":"axel-pogu-vice-champion-de-france-juniors-m20","status":"publish","type":"post","link":"https:\/\/amicaletarbaiseescrime.fr\/index.php\/2024\/06\/03\/axel-pogu-vice-champion-de-france-juniors-m20\/","title":{"rendered":"Axel Pogu vice-champion de France Juniors (M20)"},"content":{"rendered":"\n<figure class=\"wp-block-image size-large\"><img loading=\"lazy\" width=\"768\" height=\"1024\" src=\"https:\/\/amicaletarbaiseescrime.fr\/wp-content\/uploads\/2024\/06\/Axel-Pogu-768x1024.jpg\" alt=\"\" class=\"wp-image-1127\" srcset=\"https:\/\/amicaletarbaiseescrime.fr\/wp-content\/uploads\/2024\/06\/Axel-Pogu-768x1024.jpg 768w, https:\/\/amicaletarbaiseescrime.fr\/wp-content\/uploads\/2024\/06\/Axel-Pogu-225x300.jpg 225w, https:\/\/amicaletarbaiseescrime.fr\/wp-content\/uploads\/2024\/06\/Axel-Pogu-1152x1536.jpg 1152w, https:\/\/amicaletarbaiseescrime.fr\/wp-content\/uploads\/2024\/06\/Axel-Pogu-1x1.jpg 1w, https:\/\/amicaletarbaiseescrime.fr\/wp-content\/uploads\/2024\/06\/Axel-Pogu.jpg 1200w\" sizes=\"(max-width: 768px) 100vw, 768px\" \/><\/figure>\n\n\n\n<p class=\"has-medium-font-size\">Les matchs de classement de la matin\u00e9e termin\u00e9s, Axel Pogu abordait les rencontres \u00e9liminatoires de ces championnats de France juniors de Charenton, bien class\u00e9. Mais, en 1\u00e8re division se retrouvent les 30 meilleurs sabreurs de l&rsquo;Hexagone et d\u00e8s le 1er tour, le jeune Tarbais devait \u00eatre \u00e0 son meilleur niveau pour \u00e9liminer l&rsquo;Orl\u00e9anais Louis Garrigue (15\/12).<\/p>\n\n\n\n<p class=\"has-medium-font-size\">Apr\u00e8s une victoire en 1\/8\u00e8me de finale face au Meylanais H\u00e9non Sayah (15\/7), il lui fallait affronter le \u00ab&nbsp;local de l&rsquo;\u00e9preuve&nbsp;\u00bb Michel Choueiry, soutenu par tout le public. Sans trembler, le Bigourdan l&#8217;emportait 15\/9 et se hissait en finale.<\/p>\n\n\n\n<p class=\"has-medium-font-size\">Les 2 finalistes, vice-champions d&rsquo;Europe de la cat\u00e9gorie avec l&rsquo;\u00e9quipe de France, offraient au public un spectacle de haut-niveau, acharn\u00e9. Mais la derni\u00e8re touche \u00e9tait port\u00e9e par Benjamin Ducerf, de Clamart, qui l&#8217;emportait par la plus petite des marges (15\/14). Axel devenait vice-champion de France, pass\u00e9 tout pr\u00eat de l&rsquo;or.<\/p>\n\n\n\n<p class=\"has-medium-font-size\">Un autre tarbais, Diego Druilhet se classait 8\u00e8me de ces championnats, \u00e9limin\u00e9 en \u00bc de finale par le Palois Tom Couderc.<\/p>\n\n\n\n<p class=\"has-medium-font-size\">Le lendemain, Axel et Diego, rejoints par Baptiste Baylac et Beno\u00eet Risch-Riffarth \u00e9taient de nouveau sur les pistes pour disputer l&rsquo;\u00e9preuve par \u00e9quipe. En finale de 2\u00e8me division, les Tarbais \u00e9taient battus par l&rsquo;\u00e9quipe de Meylan et montaient sur la 2\u00e8me marche du podium.<\/p>\n\n\n\n<p class=\"has-medium-font-size\">De son c\u00f4t\u00e9 l&rsquo;\u00e9quipe f\u00e9minine de l&rsquo;ATE, compos\u00e9e de Cl\u00e9mence Dignan, El\u00e9a Faur, C\u00e9line Giraud et M\u00e9lissa Larrieule remportait ce titre de 2\u00e8me division apr\u00e8s une victoire en finale face \u00e0 la formation de Roubaix.<\/p>\n\n\n\n<p class=\"has-medium-font-size\"><strong>R\u00e9sultats des autres Tarbais:<\/strong><\/p>\n\n\n\n<p class=\"has-medium-font-size\"><strong>Gar\u00e7ons : <\/strong><\/p>\n\n\n\n<p>                  <strong>N1<\/strong> : Beno\u00eet Risch-Riffarth : 14\u00e8me   ;   Baptiste Baylac : 20\u00e8me   ;   Antony Makhoul :   29\u00e8me<\/p>\n\n\n\n<p>                  <strong>N2<\/strong> : Alban Lienhard : 10\u00e8me   ;   Matthias Cellier : 26\u00e8me   ;   Gabriel Chamak : 28\u00e8me   ;   Beno\u00eet  Cabanac : 43\u00e8me<\/p>\n\n\n\n<p class=\"has-medium-font-size\"><strong>Filles :<\/strong> <\/p>\n\n\n\n<p>                 <strong>N1<\/strong> : C\u00e9line Giraud : 22\u00e8me   ;   El\u00e9a Faur : 27\u00e8me   ;   M\u00e9lissa Larrieule : 29\u00e8me<\/p>\n\n\n\n<p>                 <strong>N2<\/strong> : Cl\u00e9mence Dignan : 20\u00e8me<\/p>\n\n\n\n<p class=\"has-medium-font-size\"><strong>Equipes gar\u00e7ons : <\/strong><\/p>\n\n\n\n<p>                 <strong>N3<\/strong> : <strong>1er<\/strong> : Guillaume Cabanac , Alban Lienhard , Antony Makhoul   ;   <strong>3\u00e8me <\/strong>: Beno\u00eet Cabanac , Matthias Cellier , Gabriel Chamak <\/p>\n\n\n\n<p>                 <\/p>\n\n\n\n<p class=\"has-small-font-size\">                 <\/p>\n","protected":false},"excerpt":{"rendered":"<p>Les matchs de classement de la matin\u00e9e termin\u00e9s, Axel Pogu abordait les rencontres \u00e9liminatoires de ces championnats de France juniors de Charenton, bien class\u00e9. Mais, en 1\u00e8re division se retrouvent [&hellip;]<\/p>\n","protected":false},"author":4,"featured_media":0,"comment_status":"open","ping_status":"open","sticky":false,"template":"","format":"standard","meta":[],"categories":[4],"tags":[57,34,33,12],"_links":{"self":[{"href":"https:\/\/amicaletarbaiseescrime.fr\/index.php\/wp-json\/wp\/v2\/posts\/1126"}],"collection":[{"href":"https:\/\/amicaletarbaiseescrime.fr\/index.php\/wp-json\/wp\/v2\/posts"}],"about":[{"href":"https:\/\/amicaletarbaiseescrime.fr\/index.php\/wp-json\/wp\/v2\/types\/post"}],"author":[{"embeddable":true,"href":"https:\/\/amicaletarbaiseescrime.fr\/index.php\/wp-json\/wp\/v2\/users\/4"}],"replies":[{"embeddable":true,"href":"https:\/\/amicaletarbaiseescrime.fr\/index.php\/wp-json\/wp\/v2\/comments?post=1126"}],"version-history":[{"count":2,"href":"https:\/\/amicaletarbaiseescrime.fr\/index.php\/wp-json\/wp\/v2\/posts\/1126\/revisions"}],"predecessor-version":[{"id":1129,"href":"https:\/\/amicaletarbaiseescrime.fr\/index.php\/wp-json\/wp\/v2\/posts\/1126\/revisions\/1129"}],"wp:attachment":[{"href":"https:\/\/amicaletarbaiseescrime.fr\/index.php\/wp-json\/wp\/v2\/media?parent=1126"}],"wp:term":[{"taxonomy":"category","embeddable":true,"href":"https:\/\/amicaletarbaiseescrime.fr\/index.php\/wp-json\/wp\/v2\/categories?post=1126"},{"taxonomy":"post_tag","embeddable":true,"href":"https:\/\/amicaletarbaiseescrime.fr\/index.php\/wp-json\/wp\/v2\/tags?post=1126"}],"curies":[{"name":"wp","href":"https:\/\/api.w.org\/{rel}","templated":true}]}}