{"id":1226,"date":"2025-03-17T14:21:08","date_gmt":"2025-03-17T13:21:08","guid":{"rendered":"https:\/\/amicaletarbaiseescrime.fr\/?p=1226"},"modified":"2025-03-17T14:21:08","modified_gmt":"2025-03-17T13:21:08","slug":"sabre-dor-lelite-des-jeunes-francais-sur-les-pistes-tarbaises","status":"publish","type":"post","link":"https:\/\/amicaletarbaiseescrime.fr\/index.php\/2025\/03\/17\/sabre-dor-lelite-des-jeunes-francais-sur-les-pistes-tarbaises\/","title":{"rendered":"Sabre d&rsquo;Or\u00a0: l&rsquo;\u00e9lite des jeunes fran\u00e7ais sur les pistes tarbaises&#8230;"},"content":{"rendered":"\n<figure class=\"wp-block-image size-full\"><img loading=\"lazy\" width=\"826\" height=\"363\" src=\"https:\/\/amicaletarbaiseescrime.fr\/wp-content\/uploads\/2025\/03\/Assaut-sabre.jpg\" alt=\"\" class=\"wp-image-1227\" srcset=\"https:\/\/amicaletarbaiseescrime.fr\/wp-content\/uploads\/2025\/03\/Assaut-sabre.jpg 826w, https:\/\/amicaletarbaiseescrime.fr\/wp-content\/uploads\/2025\/03\/Assaut-sabre-300x132.jpg 300w, https:\/\/amicaletarbaiseescrime.fr\/wp-content\/uploads\/2025\/03\/Assaut-sabre-768x338.jpg 768w, https:\/\/amicaletarbaiseescrime.fr\/wp-content\/uploads\/2025\/03\/Assaut-sabre-2x1.jpg 2w\" sizes=\"(max-width: 826px) 100vw, 826px\" \/><\/figure>\n\n\n\n<p class=\"has-medium-font-size\">Derni\u00e8re semaine de pr\u00e9paratifs pour les b\u00e9n\u00e9voles de l&rsquo;Amicale Tarbaise d&rsquo;Escrime sous la direction du Pr\u00e9sident Guillaume Chamak et des entra\u00eeneurs Georges Suddars et Eric Maumus.<\/p>\n\n\n\n<p class=\"has-medium-font-size\">En effet, le week-end prochain (22 et 23 mars) verra se d\u00e9rouler sur les pistes de la Maison de l&rsquo;Escrime \u00e0 Tarbes une nouvelle \u00e9dition du traditionnel tournoi cadets (moins de 17ans) du Sabre d&rsquo;Or.<\/p>\n\n\n\n<p class=\"has-medium-font-size\">Les meilleures sabreuses et les meilleurs sabreurs de l&rsquo;hexagone viendront se disputer l&rsquo;honneur de brandir le c\u00e9l\u00e8bre troph\u00e9e. Il leur faudra , pour cela, \u00e9carter aussi les membres d&rsquo;une solide \u00e9quipe espagnole attendus en Bigorre ce samedi.<\/p>\n\n\n\n<p class=\"has-medium-font-size\">C\u00f4t\u00e9 tarbais, ils seront nombreux \u00e0 vouloir l&#8217;emporter devant leur famille et leurs amis. Matisse Bartolom\u00e9 et Vincent Risch-Riffarth qui ont d\u00e9j\u00e0 disput\u00e9 des \u00e9preuves internationales cette saison chez les gar\u00e7ons, mais aussi Nina Zacchia, encore minime (moins de 15 ans) mais d\u00e9j\u00e0 potentielle laur\u00e9ate en cadettes chez les filles pourraient inscrire leur nom au palmar\u00e8s du prestigieux tournoi.<\/p>\n\n\n\n<p class=\"has-medium-font-size\">Le lendemain, tous ces jeunes se retrouveront pour disputer la \u00bd finale des championnats de France par \u00e9quipes. Et l\u00e0 encore, les formations tarbaises auront \u00e9videmment leur carte \u00e0 jouer pour la victoire finale.<\/p>\n\n\n\n<p class=\"has-medium-font-size\">Tous ceux qui souhaitent d\u00e9couvrir cette arme spectaculaire et aussi ceux qui suivent les exploits des sabreurs de l&rsquo;ATE depuis plusieurs d\u00e9cennies ont rendez-vous \u00e0 la Maison de l&rsquo;Escrime, zone Bastillac, pour le Sabre d&rsquo;Or samedi d\u00e8s 10 heures, finales \u00e0 17 heures, et dimanche, pour suivre le championnat de France par \u00e9quipe, \u00e0 10 heures, finales vers 14 ou 15 heures. Et l&rsquo;entr\u00e9e est gratuite durant les 2 jours.<\/p>\n","protected":false},"excerpt":{"rendered":"<p>Derni\u00e8re semaine de pr\u00e9paratifs pour les b\u00e9n\u00e9voles de l&rsquo;Amicale Tarbaise d&rsquo;Escrime sous la direction du Pr\u00e9sident Guillaume Chamak et des entra\u00eeneurs Georges Suddars et Eric Maumus. En effet, le week-end [&hellip;]<\/p>\n","protected":false},"author":4,"featured_media":0,"comment_status":"open","ping_status":"open","sticky":false,"template":"","format":"standard","meta":[],"categories":[4],"tags":[59,13],"_links":{"self":[{"href":"https:\/\/amicaletarbaiseescrime.fr\/index.php\/wp-json\/wp\/v2\/posts\/1226"}],"collection":[{"href":"https:\/\/amicaletarbaiseescrime.fr\/index.php\/wp-json\/wp\/v2\/posts"}],"about":[{"href":"https:\/\/amicaletarbaiseescrime.fr\/index.php\/wp-json\/wp\/v2\/types\/post"}],"author":[{"embeddable":true,"href":"https:\/\/amicaletarbaiseescrime.fr\/index.php\/wp-json\/wp\/v2\/users\/4"}],"replies":[{"embeddable":true,"href":"https:\/\/amicaletarbaiseescrime.fr\/index.php\/wp-json\/wp\/v2\/comments?post=1226"}],"version-history":[{"count":1,"href":"https:\/\/amicaletarbaiseescrime.fr\/index.php\/wp-json\/wp\/v2\/posts\/1226\/revisions"}],"predecessor-version":[{"id":1228,"href":"https:\/\/amicaletarbaiseescrime.fr\/index.php\/wp-json\/wp\/v2\/posts\/1226\/revisions\/1228"}],"wp:attachment":[{"href":"https:\/\/amicaletarbaiseescrime.fr\/index.php\/wp-json\/wp\/v2\/media?parent=1226"}],"wp:term":[{"taxonomy":"category","embeddable":true,"href":"https:\/\/amicaletarbaiseescrime.fr\/index.php\/wp-json\/wp\/v2\/categories?post=1226"},{"taxonomy":"post_tag","embeddable":true,"href":"https:\/\/amicaletarbaiseescrime.fr\/index.php\/wp-json\/wp\/v2\/tags?post=1226"}],"curies":[{"name":"wp","href":"https:\/\/api.w.org\/{rel}","templated":true}]}}